{"id":5894,"date":"2026-03-05T08:24:42","date_gmt":"2026-03-05T07:24:42","guid":{"rendered":"https:\/\/www.stb-huemer.at\/stb\/?p=5894"},"modified":"2026-02-23T09:28:38","modified_gmt":"2026-02-23T08:28:38","slug":"pendlerpauschale-und-pendlereuro","status":"publish","type":"post","link":"https:\/\/www.stb-huemer.at\/stb\/2026\/03\/05\/pendlerpauschale-und-pendlereuro\/","title":{"rendered":"Pendlerpauschale und Pendlereuro"},"content":{"rendered":"<p>Das Pendlerpauschale bleibt gegen\u00fcber dem Jahr 2025 unver\u00e4ndert.<\/p>\n<table width=\"623\">\n<tbody>\n<tr>\n<td width=\"170\">&nbsp;<\/td>\n<td colspan=\"2\" width=\"221\"><strong>kleines Pendlerpauschale<\/strong><\/td>\n<td colspan=\"2\" width=\"232\"><strong>gro\u00dfes Pendlerpauschale<\/strong><\/td>\n<\/tr>\n<tr>\n<td width=\"170\">Entfernung<\/td>\n<td width=\"98\">j\u00e4hrlich<\/td>\n<td width=\"124\">monatlich<\/td>\n<td width=\"119\">j\u00e4hrlich<\/td>\n<td width=\"113\">monatlich<\/td>\n<\/tr>\n<tr>\n<td width=\"170\">2 km &#8211; 20 km<\/td>\n<td width=\"98\">Null<\/td>\n<td width=\"124\">Null<\/td>\n<td width=\"119\">\u00a0 \u20ac 372<\/td>\n<td width=\"113\">\u00a0\u20ac 31<\/td>\n<\/tr>\n<tr>\n<td width=\"170\">20 km &#8211; 40 km<\/td>\n<td width=\"98\">\u00a0 \u20ac 696<\/td>\n<td width=\"124\">\u00a0\u20ac 58<\/td>\n<td width=\"119\">\u20ac 1.476<\/td>\n<td width=\"113\">\u20ac 123<\/td>\n<\/tr>\n<tr>\n<td width=\"170\">40 km &#8211; 60 km<\/td>\n<td width=\"98\">\u20ac 1.356<\/td>\n<td width=\"124\">\u20ac 113<\/td>\n<td width=\"119\">\u20ac 2.568<\/td>\n<td width=\"113\">\u20ac 214<\/td>\n<\/tr>\n<tr>\n<td width=\"170\">\u00fcber 60 km<\/td>\n<td width=\"98\">\u20ac 2.016<\/td>\n<td width=\"124\">\u20ac 168<\/td>\n<td width=\"119\">\u20ac 3.672<\/td>\n<td width=\"113\">\u20ac 306<\/td>\n<\/tr>\n<\/tbody>\n<\/table>\n<p>&nbsp;<\/p>\n<p>Aufgrund der Erh\u00f6hung der Ticketpreise wird der <strong>Pendlereuro auf \u20ac 6<\/strong> (bisher \u20ac 2) pro Jahr und Kilometer der einfachen Fahrtstrecke <strong>erh\u00f6ht<\/strong>.<\/p>\n<p>&nbsp;<\/p>\n<p>Wird bei Teilzeit- und Telearbeit nicht t\u00e4glich der Arbeitsweg angetreten, kommt es zur aliquoten K\u00fcrzung des Pendlerpauschales.<\/p>\n<table width=\"623\">\n<tbody>\n<tr>\n<td width=\"321\">Anzahl Fahrten \/ Monat zum Arbeitsplatz<\/td>\n<td width=\"115\">4 bis 7 Tage<\/td>\n<td width=\"103\">8 bis 10 Tage<\/td>\n<td width=\"85\">\u2265 11 Tage<\/td>\n<\/tr>\n<tr>\n<td width=\"321\">aliquoter Anspruch auf Pendlerpauschale<\/td>\n<td width=\"115\">1\/3<\/td>\n<td width=\"103\">2\/3<\/td>\n<td width=\"85\">3\/3<\/td>\n<\/tr>\n<\/tbody>\n<\/table>\n<p>Hier nochmals der Link zum Pendlerrechner des BMF -&gt;\u00a0<a href=\"https:\/\/pendlerrechner.bmf.gv.at\/\" target=\"_blank\" rel=\"noopener\">https:\/\/pendlerrechner.bmf.gv.at\/<\/a><\/p>\n<blockquote><p>Tipp:<br \/>\nAm Anfang des Jahres dieses Formular genau ausf\u00fcllen und die folgende Berechnung abspeichern. \u00c4ndert sich sehr viel w\u00e4hrend des Jahres, diese Berechnung nochmals mit den neuen Daten wiederholen.<\/p><\/blockquote>\n<p>&nbsp;<\/p>\n","protected":false},"excerpt":{"rendered":"<p>Das Pendlerpauschale bleibt gegen\u00fcber dem Jahr 2025 unver\u00e4ndert. &nbsp; kleines Pendlerpauschale gro\u00dfes Pendlerpauschale Entfernung j\u00e4hrlich monatlich j\u00e4hrlich monatlich 2 km &#8211; 20 km Null Null \u00a0 \u20ac 372 \u00a0\u20ac 31&hellip; <br \/><a class=\"read-more-button\" href=\"https:\/\/www.stb-huemer.at\/stb\/2026\/03\/05\/pendlerpauschale-und-pendlereuro\/\">Mehr Lesen<\/a><\/p>\n","protected":false},"author":1,"featured_media":5653,"comment_status":"closed","ping_status":"closed","sticky":false,"template":"","format":"standard","meta":{"footnotes":""},"categories":[4,42,41],"tags":[],"class_list":["post-5894","post","type-post","status-publish","format-standard","has-post-thumbnail","hentry","category-aktuelles","category-lohnverrechnung","category-steuern-allgemein"],"_links":{"self":[{"href":"https:\/\/www.stb-huemer.at\/stb\/wp-json\/wp\/v2\/posts\/5894","targetHints":{"allow":["GET"]}}],"collection":[{"href":"https:\/\/www.stb-huemer.at\/stb\/wp-json\/wp\/v2\/posts"}],"about":[{"href":"https:\/\/www.stb-huemer.at\/stb\/wp-json\/wp\/v2\/types\/post"}],"author":[{"embeddable":true,"href":"https:\/\/www.stb-huemer.at\/stb\/wp-json\/wp\/v2\/users\/1"}],"replies":[{"embeddable":true,"href":"https:\/\/www.stb-huemer.at\/stb\/wp-json\/wp\/v2\/comments?post=5894"}],"version-history":[{"count":1,"href":"https:\/\/www.stb-huemer.at\/stb\/wp-json\/wp\/v2\/posts\/5894\/revisions"}],"predecessor-version":[{"id":5895,"href":"https:\/\/www.stb-huemer.at\/stb\/wp-json\/wp\/v2\/posts\/5894\/revisions\/5895"}],"wp:featuredmedia":[{"embeddable":true,"href":"https:\/\/www.stb-huemer.at\/stb\/wp-json\/wp\/v2\/media\/5653"}],"wp:attachment":[{"href":"https:\/\/www.stb-huemer.at\/stb\/wp-json\/wp\/v2\/media?parent=5894"}],"wp:term":[{"taxonomy":"category","embeddable":true,"href":"https:\/\/www.stb-huemer.at\/stb\/wp-json\/wp\/v2\/categories?post=5894"},{"taxonomy":"post_tag","embeddable":true,"href":"https:\/\/www.stb-huemer.at\/stb\/wp-json\/wp\/v2\/tags?post=5894"}],"curies":[{"name":"wp","href":"https:\/\/api.w.org\/{rel}","templated":true}]}}