{"id":5750,"date":"2025-12-02T08:11:16","date_gmt":"2025-12-02T07:11:16","guid":{"rendered":"https:\/\/www.stb-huemer.at\/stb\/?p=5750"},"modified":"2025-11-25T13:12:54","modified_gmt":"2025-11-25T12:12:54","slug":"arbeitsplatzpauschale-und-netzkarte-fuer-selbstaendige","status":"publish","type":"post","link":"https:\/\/www.stb-huemer.at\/stb\/2025\/12\/02\/arbeitsplatzpauschale-und-netzkarte-fuer-selbstaendige\/","title":{"rendered":"Arbeitsplatzpauschale und Netzkarte f\u00fcr Selbst\u00e4ndige"},"content":{"rendered":"<p>Das Arbeitsplatzpauschale steht f\u00fcr Aufwendungen aus der (teilweise) betrieblichen Nutzung der eigenen Wohnung zu, wenn kein anderer Raum f\u00fcr die betriebliche T\u00e4tigkeit zur Verf\u00fcgung steht, also kein eigentliches \u201eArbeitszimmer\u201c geltend gemacht werden kann. Es wird zwischen dem \u201egro\u00dfen\u201c und dem \u201ekleinen\u201c Pauschale unterschieden:<\/p>\n<ul>\n<li><strong>\u20ac\u00a01.200<\/strong> pro Jahr stehen zu, wenn <strong>keine anderen Eink\u00fcnfte<\/strong> aus einer aktiven Erwerbst\u00e4tigkeit von mehr als \u20ac\u00a013.308 erzielt werden, f\u00fcr die au\u00dferhalb der Wohnung ein anderer Raum zur Verf\u00fcgung steht.<\/li>\n<li><strong>\u20ac\u00a0300<\/strong> pro Jahr stehen zu, <strong>wenn die anderen Aktiveink\u00fcnfte<\/strong> mehr als \u20ac\u00a013.308 betragen. Daneben sind Aufwendungen f\u00fcr ergonomisches Mobiliar abzugsf\u00e4hig (ebenfalls maximal \u20ac\u00a0300 pro Jahr).<\/li>\n<\/ul>\n<p>Seit 2023 k\u00f6nnen auch Selbst\u00e4ndige <strong>50\u00a0% der Ausgaben f\u00fcr eine Wochen-, Monats- oder Jahreskarte<\/strong> f\u00fcr Massenbef\u00f6rderungsmittel als Betriebsausgaben absetzen, sofern diese auch f\u00fcr betriebliche Fahrten verwendet werden. Dieser Betrag kann auch bei der Basispauschalierung oder der Kleinunter\u00adnehmerpauschalierung als zus\u00e4tzliche Betriebsausgabe ber\u00fccksichtigt werden.<\/p>\n","protected":false},"excerpt":{"rendered":"<p>Das Arbeitsplatzpauschale steht f\u00fcr Aufwendungen aus der (teilweise) betrieblichen Nutzung der eigenen Wohnung zu, wenn kein anderer Raum f\u00fcr die betriebliche T\u00e4tigkeit zur Verf\u00fcgung steht, also kein eigentliches \u201eArbeitszimmer\u201c geltend&hellip; <br \/><a class=\"read-more-button\" href=\"https:\/\/www.stb-huemer.at\/stb\/2025\/12\/02\/arbeitsplatzpauschale-und-netzkarte-fuer-selbstaendige\/\">Mehr Lesen<\/a><\/p>\n","protected":false},"author":1,"featured_media":5633,"comment_status":"closed","ping_status":"closed","sticky":false,"template":"","format":"standard","meta":{"footnotes":""},"categories":[4,41],"tags":[],"class_list":["post-5750","post","type-post","status-publish","format-standard","has-post-thumbnail","hentry","category-aktuelles","category-steuern-allgemein"],"_links":{"self":[{"href":"https:\/\/www.stb-huemer.at\/stb\/wp-json\/wp\/v2\/posts\/5750","targetHints":{"allow":["GET"]}}],"collection":[{"href":"https:\/\/www.stb-huemer.at\/stb\/wp-json\/wp\/v2\/posts"}],"about":[{"href":"https:\/\/www.stb-huemer.at\/stb\/wp-json\/wp\/v2\/types\/post"}],"author":[{"embeddable":true,"href":"https:\/\/www.stb-huemer.at\/stb\/wp-json\/wp\/v2\/users\/1"}],"replies":[{"embeddable":true,"href":"https:\/\/www.stb-huemer.at\/stb\/wp-json\/wp\/v2\/comments?post=5750"}],"version-history":[{"count":1,"href":"https:\/\/www.stb-huemer.at\/stb\/wp-json\/wp\/v2\/posts\/5750\/revisions"}],"predecessor-version":[{"id":5751,"href":"https:\/\/www.stb-huemer.at\/stb\/wp-json\/wp\/v2\/posts\/5750\/revisions\/5751"}],"wp:featuredmedia":[{"embeddable":true,"href":"https:\/\/www.stb-huemer.at\/stb\/wp-json\/wp\/v2\/media\/5633"}],"wp:attachment":[{"href":"https:\/\/www.stb-huemer.at\/stb\/wp-json\/wp\/v2\/media?parent=5750"}],"wp:term":[{"taxonomy":"category","embeddable":true,"href":"https:\/\/www.stb-huemer.at\/stb\/wp-json\/wp\/v2\/categories?post=5750"},{"taxonomy":"post_tag","embeddable":true,"href":"https:\/\/www.stb-huemer.at\/stb\/wp-json\/wp\/v2\/tags?post=5750"}],"curies":[{"name":"wp","href":"https:\/\/api.w.org\/{rel}","templated":true}]}}