{"id":5559,"date":"2025-08-09T08:33:20","date_gmt":"2025-08-09T07:33:20","guid":{"rendered":"https:\/\/www.stb-huemer.at\/stb\/?p=5559"},"modified":"2025-06-27T13:34:23","modified_gmt":"2025-06-27T12:34:23","slug":"aenderungen-bei-stiftungen-ab-2026","status":"publish","type":"post","link":"https:\/\/www.stb-huemer.at\/stb\/2025\/08\/09\/aenderungen-bei-stiftungen-ab-2026\/","title":{"rendered":"\u00c4nderungen bei Stiftungen ab 2026"},"content":{"rendered":"<p>Die vermeintlichen Steuervorteile von Stiftungen stehen h\u00e4ufig im Fokus von Kritik. Eine Budgetsanierung ohne Eingriff in die Stiftungsbesteuerung ist daher politisch schwer vertretbar.<\/p>\n<p>&nbsp;<\/p>\n<p>Privatstiftungen unterliegen mit <strong>Zinsertr\u00e4gen<\/strong>, Ertr\u00e4gen aus Beteiligungsverk\u00e4ufen, Eink\u00fcnften aus definierten Kapitalverm\u00f6gen sowie Eink\u00fcnften aus privaten Grundst\u00fccksver\u00e4u\u00dferungen der sogenannten Zwischenbesteuerung. Die <strong>Zwischensteuer<\/strong> betr\u00e4gt (seit dem Jahr 2024) 23\u00a0%. Mit dem Budgetsanierungsma\u00dfnahmengesetz 2025 Teil II wird der Steuersatz ab dem Kalenderjahr 2026 auf <strong>27,5\u00a0%<\/strong> erh\u00f6ht. Vor diesem Hintergrund werden auch die von Privatstiftungen zu leistenden K\u00f6rperschaftsteuervorauszahlungen f\u00fcr 2026 pauschal um 5\u00a0% erh\u00f6ht.<\/p>\n<p>&nbsp;<\/p>\n<p><strong>Zuwendungen<\/strong> der Stifter an inl\u00e4ndische Privatstiftungen unterliegen der <strong>Stiftungseingangssteuer<\/strong>. Diese Steuer wird durch das Budgetbegleitgesetz 2025 mit Wirksamkeit ab 1.1.2026 von 2,5\u00a0% auf <strong>3,5\u00a0%<\/strong> angehoben. Die Zuwendung von Grundst\u00fccken an eine Stiftung unterliegt nicht dieser Stiftungseingangssteuer, sondern stattdessen einer zus\u00e4tzlichen Grunderwerbsteuer (sogenanntes Stiftungseingangssteuer\u00e4quivalent). Mit dem Budgetsanierungsma\u00dfnahmengesetz 2025 Teil II wird f\u00fcr Grundst\u00fcckszuwendungen ab dem 1. J\u00e4nner 2026 auch dieses Stiftungseingangssteuer\u00e4quivalent von 2,5\u00a0% auf 3,5\u00a0% erh\u00f6ht.<\/p>\n<p>&nbsp;<\/p>\n","protected":false},"excerpt":{"rendered":"<p>Die vermeintlichen Steuervorteile von Stiftungen stehen h\u00e4ufig im Fokus von Kritik. Eine Budgetsanierung ohne Eingriff in die Stiftungsbesteuerung ist daher politisch schwer vertretbar. &nbsp; Privatstiftungen unterliegen mit Zinsertr\u00e4gen, Ertr\u00e4gen aus&hellip; <br \/><a class=\"read-more-button\" href=\"https:\/\/www.stb-huemer.at\/stb\/2025\/08\/09\/aenderungen-bei-stiftungen-ab-2026\/\">Mehr Lesen<\/a><\/p>\n","protected":false},"author":1,"featured_media":0,"comment_status":"closed","ping_status":"closed","sticky":false,"template":"","format":"standard","meta":{"footnotes":""},"categories":[4,41],"tags":[],"class_list":["post-5559","post","type-post","status-publish","format-standard","hentry","category-aktuelles","category-steuern-allgemein"],"_links":{"self":[{"href":"https:\/\/www.stb-huemer.at\/stb\/wp-json\/wp\/v2\/posts\/5559","targetHints":{"allow":["GET"]}}],"collection":[{"href":"https:\/\/www.stb-huemer.at\/stb\/wp-json\/wp\/v2\/posts"}],"about":[{"href":"https:\/\/www.stb-huemer.at\/stb\/wp-json\/wp\/v2\/types\/post"}],"author":[{"embeddable":true,"href":"https:\/\/www.stb-huemer.at\/stb\/wp-json\/wp\/v2\/users\/1"}],"replies":[{"embeddable":true,"href":"https:\/\/www.stb-huemer.at\/stb\/wp-json\/wp\/v2\/comments?post=5559"}],"version-history":[{"count":1,"href":"https:\/\/www.stb-huemer.at\/stb\/wp-json\/wp\/v2\/posts\/5559\/revisions"}],"predecessor-version":[{"id":5560,"href":"https:\/\/www.stb-huemer.at\/stb\/wp-json\/wp\/v2\/posts\/5559\/revisions\/5560"}],"wp:attachment":[{"href":"https:\/\/www.stb-huemer.at\/stb\/wp-json\/wp\/v2\/media?parent=5559"}],"wp:term":[{"taxonomy":"category","embeddable":true,"href":"https:\/\/www.stb-huemer.at\/stb\/wp-json\/wp\/v2\/categories?post=5559"},{"taxonomy":"post_tag","embeddable":true,"href":"https:\/\/www.stb-huemer.at\/stb\/wp-json\/wp\/v2\/tags?post=5559"}],"curies":[{"name":"wp","href":"https:\/\/api.w.org\/{rel}","templated":true}]}}