{"id":5536,"date":"2025-06-24T11:49:50","date_gmt":"2025-06-24T10:49:50","guid":{"rendered":"https:\/\/www.stb-huemer.at\/stb\/?p=5536"},"modified":"2025-06-27T11:54:41","modified_gmt":"2025-06-27T10:54:41","slug":"aenderungen-bei-nova-und-neuerlich-bei-kilometergeld","status":"publish","type":"post","link":"https:\/\/www.stb-huemer.at\/stb\/2025\/06\/24\/aenderungen-bei-nova-und-neuerlich-bei-kilometergeld\/","title":{"rendered":"\u00c4nderungen bei NoVA und neuerlich bei Kilometergeld"},"content":{"rendered":"<p>Im Rahmen des Budgetbegleitgesetzes 2025 wurden diverse \u00c4nderungen durchgef\u00fchrt. Hier die drei wesentlichen \u00c4nderungen, die ab sofort (1.7.2025) gelten:<\/p>\n<ul>\n<li><strong>Normverbrauchsabgabegesetz<\/strong><\/li>\n<\/ul>\n<p>Kraftfahrzeuge zur G\u00fcterbef\u00f6rderung bis 3.500 kg zul\u00e4ssige Gesamtmasse (sogenannte Klasse N1) sind <strong>ab 1.7.2025<\/strong> <strong>wieder<\/strong> (wie bereits vor dem 1. Juli 2021) <strong>von der NoVA befreit<\/strong>. Unter diese Befreiung fallen Kfz zur G\u00fcterbef\u00f6rderung mit nicht mehr als drei Sitzpl\u00e4tzen, aber auch Kastenw\u00e4gen und Pritschenw\u00e4gen.<\/p>\n<p>&nbsp;<\/p>\n<ul>\n<li><strong>Reisegeb\u00fchrenvorschrift<\/strong><\/li>\n<\/ul>\n<p>F\u00fcr die einkommensteuerlich absetzbaren Reisekosten ist das amtliche Kilometergeld bedeutsam. Dieses war mit dem Progressionsabgeltungsgesetz 2025 einheitlich auf \u20ac\u00a00,50 erh\u00f6ht worden, und zwar nicht nur f\u00fcr Pkw und Kombi, sondern auch f\u00fcr Fahrr\u00e4der, Motorfahrr\u00e4der und Motorr\u00e4der.<\/p>\n<p><em><span style=\"color: #993300;\"><strong>Ab 1.7.2025<\/strong> wird das <strong>Kilometergeld f\u00fcr Motorfahrr\u00e4der, Motorr\u00e4der und Fahrr\u00e4der wieder gesenkt<\/strong>, und zwar auf <strong>\u20ac\u00a00,25.<\/strong><\/span><\/em><\/p>\n<p>&nbsp;<\/p>\n<ul>\n<li><strong>Bundesgesetz \u00fcber die F\u00f6rderung von Handwerkerleistungen<\/strong><\/li>\n<\/ul>\n<p>F\u00fcr die Gew\u00e4hrung des \u201eHandwerkerbonus\u201c wird der Kreis der leistungserbringenden Unternehmer nunmehr auf solche Handwerker erweitert, deren Sitz oder Niederlassung in einem anderen EU-\/EWR-Mitgliedstaat liegt.<\/p>\n<p>&nbsp;<\/p>\n","protected":false},"excerpt":{"rendered":"<p>Im Rahmen des Budgetbegleitgesetzes 2025 wurden diverse \u00c4nderungen durchgef\u00fchrt. Hier die drei wesentlichen \u00c4nderungen, die ab sofort (1.7.2025) gelten: Normverbrauchsabgabegesetz Kraftfahrzeuge zur G\u00fcterbef\u00f6rderung bis 3.500 kg zul\u00e4ssige Gesamtmasse (sogenannte Klasse&hellip; <br \/><a class=\"read-more-button\" href=\"https:\/\/www.stb-huemer.at\/stb\/2025\/06\/24\/aenderungen-bei-nova-und-neuerlich-bei-kilometergeld\/\">Mehr Lesen<\/a><\/p>\n","protected":false},"author":1,"featured_media":0,"comment_status":"closed","ping_status":"closed","sticky":false,"template":"","format":"standard","meta":{"footnotes":""},"categories":[4,41],"tags":[957,956,955],"class_list":["post-5536","post","type-post","status-publish","format-standard","hentry","category-aktuelles","category-steuern-allgemein","tag-handwerkerbonus-erweitert","tag-kilometergeld-wieder-gesenkt","tag-nova-befreiung"],"_links":{"self":[{"href":"https:\/\/www.stb-huemer.at\/stb\/wp-json\/wp\/v2\/posts\/5536","targetHints":{"allow":["GET"]}}],"collection":[{"href":"https:\/\/www.stb-huemer.at\/stb\/wp-json\/wp\/v2\/posts"}],"about":[{"href":"https:\/\/www.stb-huemer.at\/stb\/wp-json\/wp\/v2\/types\/post"}],"author":[{"embeddable":true,"href":"https:\/\/www.stb-huemer.at\/stb\/wp-json\/wp\/v2\/users\/1"}],"replies":[{"embeddable":true,"href":"https:\/\/www.stb-huemer.at\/stb\/wp-json\/wp\/v2\/comments?post=5536"}],"version-history":[{"count":1,"href":"https:\/\/www.stb-huemer.at\/stb\/wp-json\/wp\/v2\/posts\/5536\/revisions"}],"predecessor-version":[{"id":5537,"href":"https:\/\/www.stb-huemer.at\/stb\/wp-json\/wp\/v2\/posts\/5536\/revisions\/5537"}],"wp:attachment":[{"href":"https:\/\/www.stb-huemer.at\/stb\/wp-json\/wp\/v2\/media?parent=5536"}],"wp:term":[{"taxonomy":"category","embeddable":true,"href":"https:\/\/www.stb-huemer.at\/stb\/wp-json\/wp\/v2\/categories?post=5536"},{"taxonomy":"post_tag","embeddable":true,"href":"https:\/\/www.stb-huemer.at\/stb\/wp-json\/wp\/v2\/tags?post=5536"}],"curies":[{"name":"wp","href":"https:\/\/api.w.org\/{rel}","templated":true}]}}