{"id":5520,"date":"2025-06-07T14:36:22","date_gmt":"2025-06-07T13:36:22","guid":{"rendered":"https:\/\/www.stb-huemer.at\/stb\/?p=5520"},"modified":"2025-06-21T14:43:39","modified_gmt":"2025-06-21T13:43:39","slug":"vorsicht-bei-verwendung-von-musik-fuer-social-media-plattformen","status":"publish","type":"post","link":"https:\/\/www.stb-huemer.at\/stb\/2025\/06\/07\/vorsicht-bei-verwendung-von-musik-fuer-social-media-plattformen\/","title":{"rendered":"Vorsicht bei Verwendung von Musik f\u00fcr Social Media Plattformen"},"content":{"rendered":"<p>Sie sind auf TikTok, Instagram, YouTube oder anderen Plattformen auch als Unternehmer unterwegs?\u00a0 Hinterlegen Sie Ihre Reels und Shorts dann mit passender Musik?<br \/>\nDann sollten Sie auch die Lizenzrechte f\u00fcr das jeweilige Musikst\u00fcck haben, denn sonst kann das teuer werden.<\/p>\n<p>In einer Aussendung der WKO wird aufgrund einer aktuellen Abmahnung wegen fehlender Nutzungsrechte eines Musikst\u00fcckes in einem Social Media Kurzvideo erneut auf die Problematik bei Verwendung von urheberrechtlich gesch\u00fctzter Musik hingewiesen und zu besonderer Vorsicht aufgerufen.<\/p>\n<blockquote>\n<p class=\"\"><strong>Ein Kleinunternehmer aus Nieder\u00f6sterreich wurde von einer deutschen Rechtsanwaltskanzlei mit einer Abmahnung in der H\u00f6he von \u00fcber\u00a040.000 \u20ac\u00a0konfrontiert. Anlass war die Verwendung eines Musiktitels in einem Kurzvideo auf Instagram, ohne daf\u00fcr eine entsprechende Nutzungslizenz zu besitzen. In der Abmahnung wurde eine Urheberrechtsverletzung geltend gemacht und neben der sofortigen L\u00f6schung des Inhalts auch eine Unterlassungserkl\u00e4rung sowie die Zahlung von Schadensersatz und Anwaltskosten gefordert. Der Fall zeigt, dass bereits Inhalte mit geringer Reichweite im digitalen Raum existenzbedrohende rechtliche Folgen mit sich bringen k\u00f6nnen.<\/strong><\/p>\n<\/blockquote>\n<p class=\"\">Musikst\u00fccke sind als Werke urheberrechtlich gesch\u00fctzt. Das\u00a0<a class=\"\" href=\"https:\/\/www.wko.at\/wettbewerbsrecht\/urheberrecht-ueberblick\" target=\"_blank\" rel=\"noopener\" data-gentics-aloha-repository=\"com.gentics.aloha.GCN.Page\" data-gentics-aloha-object-id=\"10007.65977\">Urheberrecht<\/a>\u00a0bestimmt, dass die meisten Verwertungsarten dem Urheber vorbehalten sind. Insofern darf alleine der Urheber das Werk \u2013 in diesem Fall das Musikst\u00fcck &#8211; z.B. vervielf\u00e4ltigen, \u00f6ffentlich verbreiten und online stellen. Einem Dritten ist die Verwertung in der Regel erst gestattet, nachdem mit dem Urheber eine entsprechende\u00a0<a class=\"\" href=\"https:\/\/www.wko.at\/wettbewerbsrecht\/urheberrecht-und-vertraege\" target=\"_blank\" rel=\"noopener\" data-gentics-aloha-repository=\"com.gentics.aloha.GCN.Page\" data-gentics-aloha-object-id=\"10007.65975\">Nutzungsvereinbarung<\/a>\u00a0getroffen wurde.<\/p>\n<p class=\"\">Aktuell werden zunehmend gewerblich genutzte Accounts auf Social Media Plattformen wegen der Verwendung von Musik in\u00a0<b>Kurzvideos (Instagram Reels, YouTube Shorts und TikToks)\u00a0<\/b>abgemahnt, weil sie keine Lizenzen f\u00fcr die Nutzung der Musik haben.<\/p>\n<blockquote><p>ACHTUNG:<br \/>\nSelbst wenn man einen privaten Account auf Social Media f\u00fchrt, kann eine Verwendung eines Musikst\u00fcckes f\u00fcr kommerzielle Zwecke vorliegen. Die Grenzen zwischen kommerzieller und privater Nutzung sind flie\u00dfend. F\u00fcr die Beurteilung, ob der Account tats\u00e4chlich zu privaten Zwecken genutzt wird (und somit die Lizenzvereinbarung zwischen Plattformbetreiber und Rechteinhaber von Musikst\u00fccken greift) oder doch kommerziell, sind die Art der Beitr\u00e4ge (das Bewerben, Ver\u00admarkten, Empfehlen von Produkten, Sponsorings usw.), die Follower-Anzahl und weitere Faktoren ma\u00dfgeblich. Bei Unternehmer:innen, die auf ihren privaten Accounts auch Inhalte \u00fcber ihr Unternehmen posten (z.B. Vorstellung eines neuen Produkts, Angebote usw.), ist grunds\u00e4tzlich von einer kommerziellen Nutzung der Musikst\u00fccke auszugehen. Dabei ist zu beachten, dass auch eher private Kurzvideos als gewerblich eingestuft werden k\u00f6nnen, wenn auf dem Account sonst \u00fcberwiegend gewerbliche Inhalte gepostet werden.<\/p><\/blockquote>\n<p>Hier der <a href=\"https:\/\/www.wko.at\/noe\/e-commerce\/abmahnungen-kurzvideos\" target=\"_blank\" rel=\"noopener\">Link zum ausf\u00fchrlichen Bericht der WKO<\/a>.<\/p>\n","protected":false},"excerpt":{"rendered":"<p>Sie sind auf TikTok, Instagram, YouTube oder anderen Plattformen auch als Unternehmer unterwegs?\u00a0 Hinterlegen Sie Ihre Reels und Shorts dann mit passender Musik? Dann sollten Sie auch die Lizenzrechte f\u00fcr&hellip; <br \/><a class=\"read-more-button\" href=\"https:\/\/www.stb-huemer.at\/stb\/2025\/06\/07\/vorsicht-bei-verwendung-von-musik-fuer-social-media-plattformen\/\">Mehr Lesen<\/a><\/p>\n","protected":false},"author":1,"featured_media":0,"comment_status":"closed","ping_status":"closed","sticky":false,"template":"","format":"standard","meta":{"footnotes":""},"categories":[736,4,29],"tags":[],"class_list":["post-5520","post","type-post","status-publish","format-standard","hentry","category-vorsicht_falle","category-aktuelles","category-tipps_basics"],"_links":{"self":[{"href":"https:\/\/www.stb-huemer.at\/stb\/wp-json\/wp\/v2\/posts\/5520","targetHints":{"allow":["GET"]}}],"collection":[{"href":"https:\/\/www.stb-huemer.at\/stb\/wp-json\/wp\/v2\/posts"}],"about":[{"href":"https:\/\/www.stb-huemer.at\/stb\/wp-json\/wp\/v2\/types\/post"}],"author":[{"embeddable":true,"href":"https:\/\/www.stb-huemer.at\/stb\/wp-json\/wp\/v2\/users\/1"}],"replies":[{"embeddable":true,"href":"https:\/\/www.stb-huemer.at\/stb\/wp-json\/wp\/v2\/comments?post=5520"}],"version-history":[{"count":1,"href":"https:\/\/www.stb-huemer.at\/stb\/wp-json\/wp\/v2\/posts\/5520\/revisions"}],"predecessor-version":[{"id":5521,"href":"https:\/\/www.stb-huemer.at\/stb\/wp-json\/wp\/v2\/posts\/5520\/revisions\/5521"}],"wp:attachment":[{"href":"https:\/\/www.stb-huemer.at\/stb\/wp-json\/wp\/v2\/media?parent=5520"}],"wp:term":[{"taxonomy":"category","embeddable":true,"href":"https:\/\/www.stb-huemer.at\/stb\/wp-json\/wp\/v2\/categories?post=5520"},{"taxonomy":"post_tag","embeddable":true,"href":"https:\/\/www.stb-huemer.at\/stb\/wp-json\/wp\/v2\/tags?post=5520"}],"curies":[{"name":"wp","href":"https:\/\/api.w.org\/{rel}","templated":true}]}}